{"id":6742,"date":"2020-09-17T15:59:44","date_gmt":"2020-09-17T13:59:44","guid":{"rendered":"https:\/\/flaga.ch\/camp-timo-meier\/"},"modified":"2020-10-12T17:23:47","modified_gmt":"2020-10-12T15:23:47","slug":"camp-timo-meier","status":"publish","type":"post","link":"https:\/\/flaga.ch\/fr\/camp-timo-meier\/","title":{"rendered":"Timo Meier Camp"},"content":{"rendered":"[vc_row type=\u00a0\u00bbin_container\u00a0\u00bb full_screen_row_position=\u00a0\u00bbmiddle\u00a0\u00bb column_margin=\u00a0\u00bbdefault\u00a0\u00bb column_direction=\u00a0\u00bbdefault\u00a0\u00bb column_direction_tablet=\u00a0\u00bbdefault\u00a0\u00bb column_direction_phone=\u00a0\u00bbdefault\u00a0\u00bb scene_position=\u00a0\u00bbcenter\u00a0\u00bb text_color=\u00a0\u00bbdark\u00a0\u00bb text_align=\u00a0\u00bbleft\u00a0\u00bb row_border_radius=\u00a0\u00bbnone\u00a0\u00bb row_border_radius_applies=\u00a0\u00bbbg\u00a0\u00bb overlay_strength=\u00a0\u00bb0.3&Prime; gradient_direction=\u00a0\u00bbleft_to_right\u00a0\u00bb shape_divider_position=\u00a0\u00bbbottom\u00a0\u00bb bg_image_animation=\u00a0\u00bbnone\u00a0\u00bb][vc_column column_padding=\u00a0\u00bbno-extra-padding\u00a0\u00bb column_padding_tablet=\u00a0\u00bbinherit\u00a0\u00bb column_padding_phone=\u00a0\u00bbinherit\u00a0\u00bb column_padding_position=\u00a0\u00bball\u00a0\u00bb background_color_opacity=\u00a0\u00bb1&Prime; background_hover_color_opacity=\u00a0\u00bb1&Prime; column_shadow=\u00a0\u00bbnone\u00a0\u00bb column_border_radius=\u00a0\u00bbnone\u00a0\u00bb column_link_target=\u00a0\u00bb_self\u00a0\u00bb gradient_direction=\u00a0\u00bbleft_to_right\u00a0\u00bb overlay_strength=\u00a0\u00bb0.3&Prime; width=\u00a0\u00bb1\/1&Prime; tablet_width_inherit=\u00a0\u00bbdefault\u00a0\u00bb tablet_text_alignment=\u00a0\u00bbdefault\u00a0\u00bb phone_text_alignment=\u00a0\u00bbdefault\u00a0\u00bb column_border_width=\u00a0\u00bbnone\u00a0\u00bb column_border_style=\u00a0\u00bbsolid\u00a0\u00bb bg_image_animation=\u00a0\u00bbnone\u00a0\u00bb][vc_column_text]<img decoding=\"async\" class=\"alignnone size-full wp-image-6716\" src=\"https:\/\/flaga.ch\/wp-content\/uploads\/2020.7.7.timomeier_rsp_camp-131-von-185-1.jpg\" alt=\"\" width=\"2048\" height=\"1365\" srcset=\"https:\/\/flaga.ch\/wp-content\/uploads\/2020.7.7.timomeier_rsp_camp-131-von-185-1.jpg 1200w, https:\/\/flaga.ch\/wp-content\/uploads\/2020.7.7.timomeier_rsp_camp-131-von-185-1-600x400.jpg 600w\" sizes=\"(max-width: 2048px) 100vw, 2048px\" \/>60 joueurs et joueuses de hockey sur glace d\u2019\u00e2ges diff\u00e9rents venus de tous les coins de la Suisse : le premier Camp Timo Meier \u00e0 Herisau a connu un grand succ\u00e8s. Nous sommes heureux d\u2019avoir particip\u00e9 \u00e0 ce premier \u00e9v\u00e9nement. <\/p>\n<p>Photos : Judith Egloff<br \/>\nCamp: <em><a href=\"https:\/\/www.rsperform.ch\/\">rsperform <\/a><\/em>[\/vc_column_text][\/vc_column][\/vc_row][vc_row type=\u00a0\u00bbin_container\u00a0\u00bb full_screen_row_position=\u00a0\u00bbmiddle\u00a0\u00bb column_margin=\u00a0\u00bbdefault\u00a0\u00bb column_direction=\u00a0\u00bbdefault\u00a0\u00bb column_direction_tablet=\u00a0\u00bbdefault\u00a0\u00bb column_direction_phone=\u00a0\u00bbdefault\u00a0\u00bb scene_position=\u00a0\u00bbcenter\u00a0\u00bb text_color=\u00a0\u00bbdark\u00a0\u00bb text_align=\u00a0\u00bbleft\u00a0\u00bb row_border_radius=\u00a0\u00bbnone\u00a0\u00bb row_border_radius_applies=\u00a0\u00bbbg\u00a0\u00bb overlay_strength=\u00a0\u00bb0.3&Prime; gradient_direction=\u00a0\u00bbleft_to_right\u00a0\u00bb shape_divider_position=\u00a0\u00bbbottom\u00a0\u00bb bg_image_animation=\u00a0\u00bbnone\u00a0\u00bb][vc_column column_padding=\u00a0\u00bbno-extra-padding\u00a0\u00bb column_padding_tablet=\u00a0\u00bbinherit\u00a0\u00bb column_padding_phone=\u00a0\u00bbinherit\u00a0\u00bb column_padding_position=\u00a0\u00bball\u00a0\u00bb background_color_opacity=\u00a0\u00bb1&Prime; background_hover_color_opacity=\u00a0\u00bb1&Prime; column_shadow=\u00a0\u00bbnone\u00a0\u00bb column_border_radius=\u00a0\u00bbnone\u00a0\u00bb column_link_target=\u00a0\u00bb_self\u00a0\u00bb gradient_direction=\u00a0\u00bbleft_to_right\u00a0\u00bb overlay_strength=\u00a0\u00bb0.3&Prime; width=\u00a0\u00bb1\/1&Prime; tablet_width_inherit=\u00a0\u00bbdefault\u00a0\u00bb tablet_text_alignment=\u00a0\u00bbdefault\u00a0\u00bb phone_text_alignment=\u00a0\u00bbdefault\u00a0\u00bb column_border_width=\u00a0\u00bbnone\u00a0\u00bb column_border_style=\u00a0\u00bbsolid\u00a0\u00bb bg_image_animation=\u00a0\u00bbnone\u00a0\u00bb][vc_gallery type=\u00a0\u00bbimage_grid\u00a0\u00bb images=\u00a0\u00bb6719,6722,6725,6715&Prime; layout=\u00a0\u00bb4&Prime; item_spacing=\u00a0\u00bbdefault\u00a0\u00bb gallery_style=\u00a0\u00bb7&Prime; load_in_animation=\u00a0\u00bbnone\u00a0\u00bb][\/vc_column][\/vc_row]\n","protected":false},"excerpt":{"rendered":"<p>[vc_row type=\u00a0\u00bbin_container\u00a0\u00bb full_screen_row_position=\u00a0\u00bbmiddle\u00a0\u00bb column_margin=\u00a0\u00bbdefault\u00a0\u00bb column_direction=\u00a0\u00bbdefault\u00a0\u00bb column_direction_tablet=\u00a0\u00bbdefault\u00a0\u00bb column_direction_phone=\u00a0\u00bbdefault\u00a0\u00bb scene_position=\u00a0\u00bbcenter\u00a0\u00bb text_color=\u00a0\u00bbdark\u00a0\u00bb text_align=\u00a0\u00bbleft\u00a0\u00bb row_border_radius=\u00a0\u00bbnone\u00a0\u00bb row_border_radius_applies=\u00a0\u00bbbg\u00a0\u00bb overlay_strength=\u00a0\u00bb0.3&Prime; gradient_direction=\u00a0\u00bbleft_to_right\u00a0\u00bb shape_divider_position=\u00a0\u00bbbottom\u00a0\u00bb bg_image_animation=\u00a0\u00bbnone\u00a0\u00bb][vc_column column_padding=\u00a0\u00bbno-extra-padding\u00a0\u00bb column_padding_tablet=\u00a0\u00bbinherit\u00a0\u00bb column_padding_phone=\u00a0\u00bbinherit\u00a0\u00bb column_padding_position=\u00a0\u00bball\u00a0\u00bb background_color_opacity=\u00a0\u00bb1&Prime; background_hover_color_opacity=\u00a0\u00bb1&Prime; column_shadow=\u00a0\u00bbnone\u00a0\u00bb column_border_radius=\u00a0\u00bbnone\u00a0\u00bb column_link_target=\u00a0\u00bb_self\u00a0\u00bb&#8230;<\/p>\n","protected":false},"author":4,"featured_media":6720,"comment_status":"closed","ping_status":"closed","sticky":false,"template":"","format":"standard","meta":{"footnotes":""},"categories":[40],"tags":[],"class_list":{"0":"post-6742","1":"post","2":"type-post","3":"status-publish","4":"format-standard","5":"has-post-thumbnail","7":"category-sponsoring"},"yoast_head":"<!-- This site is optimized with the Yoast SEO plugin v27.5 - https:\/\/yoast.com\/product\/yoast-seo-wordpress\/ -->\n<title>Timo Meier Camp - FLAGA Suisse GmbH<\/title>\n<meta name=\"description\" content=\"Parrainage du premier camp de hockey du joueur de la LNH Timo Meier \u00e0 Herisau.\" \/>\n<meta name=\"robots\" content=\"index, follow, max-snippet:-1, max-image-preview:large, max-video-preview:-1\" \/>\n<link rel=\"canonical\" href=\"https:\/\/flaga.ch\/fr\/camp-timo-meier\/\" \/>\n<meta property=\"og:locale\" content=\"fr_FR\" \/>\n<meta property=\"og:type\" content=\"article\" \/>\n<meta property=\"og:title\" content=\"Timo Meier Camp - FLAGA Suisse GmbH\" \/>\n<meta property=\"og:description\" content=\"Parrainage du premier camp de hockey du joueur de la LNH Timo Meier \u00e0 Herisau.\" \/>\n<meta property=\"og:url\" content=\"https:\/\/flaga.ch\/fr\/camp-timo-meier\/\" \/>\n<meta property=\"og:site_name\" content=\"FLAGA Suisse GmbH\" \/>\n<meta property=\"article:publisher\" content=\"https:\/\/www.facebook.com\/flaga.suisse\/\" \/>\n<meta property=\"article:published_time\" content=\"2020-09-17T13:59:44+00:00\" \/>\n<meta property=\"article:modified_time\" content=\"2020-10-12T15:23:47+00:00\" \/>\n<meta property=\"og:image\" content=\"https:\/\/flaga.ch\/wp-content\/uploads\/2020.7.7.timomeier_rsp_camp-139-von-185.jpg\" \/>\n\t<meta property=\"og:image:width\" content=\"2048\" \/>\n\t<meta property=\"og:image:height\" content=\"1365\" \/>\n\t<meta property=\"og:image:type\" content=\"image\/jpeg\" \/>\n<meta name=\"author\" content=\"Loris Matteo\" \/>\n<meta name=\"twitter:card\" content=\"summary_large_image\" \/>\n<meta name=\"twitter:label1\" content=\"\u00c9crit par\" \/>\n\t<meta name=\"twitter:data1\" content=\"Loris Matteo\" \/>\n\t<meta name=\"twitter:label2\" content=\"Dur\u00e9e de lecture estim\u00e9e\" \/>\n\t<meta name=\"twitter:data2\" content=\"2 minutes\" \/>\n<script type=\"application\/ld+json\" class=\"yoast-schema-graph\">{\"@context\":\"https:\\\/\\\/schema.org\",\"@graph\":[{\"@type\":\"Article\",\"@id\":\"https:\\\/\\\/flaga.ch\\\/fr\\\/camp-timo-meier\\\/#article\",\"isPartOf\":{\"@id\":\"https:\\\/\\\/flaga.ch\\\/fr\\\/camp-timo-meier\\\/\"},\"author\":{\"name\":\"Loris Matteo\",\"@id\":\"https:\\\/\\\/flaga.ch\\\/fr\\\/#\\\/schema\\\/person\\\/089d5f82624827f9f3fa7884fb790d3a\"},\"headline\":\"Timo Meier Camp\",\"datePublished\":\"2020-09-17T13:59:44+00:00\",\"dateModified\":\"2020-10-12T15:23:47+00:00\",\"mainEntityOfPage\":{\"@id\":\"https:\\\/\\\/flaga.ch\\\/fr\\\/camp-timo-meier\\\/\"},\"wordCount\":327,\"publisher\":{\"@id\":\"https:\\\/\\\/flaga.ch\\\/fr\\\/#organization\"},\"image\":{\"@id\":\"https:\\\/\\\/flaga.ch\\\/fr\\\/camp-timo-meier\\\/#primaryimage\"},\"thumbnailUrl\":\"https:\\\/\\\/flaga.ch\\\/wp-content\\\/uploads\\\/2020.7.7.timomeier_rsp_camp-139-von-185.jpg\",\"articleSection\":[\"Sponsoring\"],\"inLanguage\":\"fr-FR\"},{\"@type\":\"WebPage\",\"@id\":\"https:\\\/\\\/flaga.ch\\\/fr\\\/camp-timo-meier\\\/\",\"url\":\"https:\\\/\\\/flaga.ch\\\/fr\\\/camp-timo-meier\\\/\",\"name\":\"Timo Meier Camp - FLAGA Suisse GmbH\",\"isPartOf\":{\"@id\":\"https:\\\/\\\/flaga.ch\\\/fr\\\/#website\"},\"primaryImageOfPage\":{\"@id\":\"https:\\\/\\\/flaga.ch\\\/fr\\\/camp-timo-meier\\\/#primaryimage\"},\"image\":{\"@id\":\"https:\\\/\\\/flaga.ch\\\/fr\\\/camp-timo-meier\\\/#primaryimage\"},\"thumbnailUrl\":\"https:\\\/\\\/flaga.ch\\\/wp-content\\\/uploads\\\/2020.7.7.timomeier_rsp_camp-139-von-185.jpg\",\"datePublished\":\"2020-09-17T13:59:44+00:00\",\"dateModified\":\"2020-10-12T15:23:47+00:00\",\"description\":\"Parrainage du premier camp de hockey du joueur de la LNH Timo Meier \u00e0 Herisau.\",\"breadcrumb\":{\"@id\":\"https:\\\/\\\/flaga.ch\\\/fr\\\/camp-timo-meier\\\/#breadcrumb\"},\"inLanguage\":\"fr-FR\",\"potentialAction\":[{\"@type\":\"ReadAction\",\"target\":[\"https:\\\/\\\/flaga.ch\\\/fr\\\/camp-timo-meier\\\/\"]}]},{\"@type\":\"ImageObject\",\"inLanguage\":\"fr-FR\",\"@id\":\"https:\\\/\\\/flaga.ch\\\/fr\\\/camp-timo-meier\\\/#primaryimage\",\"url\":\"https:\\\/\\\/flaga.ch\\\/wp-content\\\/uploads\\\/2020.7.7.timomeier_rsp_camp-139-von-185.jpg\",\"contentUrl\":\"https:\\\/\\\/flaga.ch\\\/wp-content\\\/uploads\\\/2020.7.7.timomeier_rsp_camp-139-von-185.jpg\",\"width\":1200,\"height\":800},{\"@type\":\"BreadcrumbList\",\"@id\":\"https:\\\/\\\/flaga.ch\\\/fr\\\/camp-timo-meier\\\/#breadcrumb\",\"itemListElement\":[{\"@type\":\"ListItem\",\"position\":1,\"name\":\"Startseite\",\"item\":\"https:\\\/\\\/flaga.ch\\\/fr\\\/flaga-home\\\/\"},{\"@type\":\"ListItem\",\"position\":2,\"name\":\"Timo Meier Camp\"}]},{\"@type\":\"WebSite\",\"@id\":\"https:\\\/\\\/flaga.ch\\\/fr\\\/#website\",\"url\":\"https:\\\/\\\/flaga.ch\\\/fr\\\/\",\"name\":\"FLAGA Suisse GmbH\",\"description\":\"Votre partenaire pour les bouteilles et r\u00e9servoirs de gaz propane\",\"publisher\":{\"@id\":\"https:\\\/\\\/flaga.ch\\\/fr\\\/#organization\"},\"potentialAction\":[{\"@type\":\"SearchAction\",\"target\":{\"@type\":\"EntryPoint\",\"urlTemplate\":\"https:\\\/\\\/flaga.ch\\\/fr\\\/?s={search_term_string}\"},\"query-input\":{\"@type\":\"PropertyValueSpecification\",\"valueRequired\":true,\"valueName\":\"search_term_string\"}}],\"inLanguage\":\"fr-FR\"},{\"@type\":\"Organization\",\"@id\":\"https:\\\/\\\/flaga.ch\\\/fr\\\/#organization\",\"name\":\"FLAGA Suisse GmbH\",\"url\":\"https:\\\/\\\/flaga.ch\\\/fr\\\/\",\"logo\":{\"@type\":\"ImageObject\",\"inLanguage\":\"fr-FR\",\"@id\":\"https:\\\/\\\/flaga.ch\\\/fr\\\/#\\\/schema\\\/logo\\\/image\\\/\",\"url\":\"https:\\\/\\\/flaga.ch\\\/wp-content\\\/uploads\\\/logo-flaga-square.jpg\",\"contentUrl\":\"https:\\\/\\\/flaga.ch\\\/wp-content\\\/uploads\\\/logo-flaga-square.jpg\",\"width\":696,\"height\":696,\"caption\":\"FLAGA Suisse GmbH\"},\"image\":{\"@id\":\"https:\\\/\\\/flaga.ch\\\/fr\\\/#\\\/schema\\\/logo\\\/image\\\/\"},\"sameAs\":[\"https:\\\/\\\/www.facebook.com\\\/flaga.suisse\\\/\",\"https:\\\/\\\/www.instagram.com\\\/flagasuisse\\\/\"]},{\"@type\":\"Person\",\"@id\":\"https:\\\/\\\/flaga.ch\\\/fr\\\/#\\\/schema\\\/person\\\/089d5f82624827f9f3fa7884fb790d3a\",\"name\":\"Loris Matteo\",\"image\":{\"@type\":\"ImageObject\",\"inLanguage\":\"fr-FR\",\"@id\":\"https:\\\/\\\/secure.gravatar.com\\\/avatar\\\/9c287ba09d679034aef35d846782d06e54d2f8f89de1296e69d13641fb4233e2?s=96&d=mm&r=g\",\"url\":\"https:\\\/\\\/secure.gravatar.com\\\/avatar\\\/9c287ba09d679034aef35d846782d06e54d2f8f89de1296e69d13641fb4233e2?s=96&d=mm&r=g\",\"contentUrl\":\"https:\\\/\\\/secure.gravatar.com\\\/avatar\\\/9c287ba09d679034aef35d846782d06e54d2f8f89de1296e69d13641fb4233e2?s=96&d=mm&r=g\",\"caption\":\"Loris Matteo\"}}]}<\/script>\n<!-- \/ Yoast SEO plugin. -->","yoast_head_json":{"title":"Timo Meier Camp - FLAGA Suisse GmbH","description":"Parrainage du premier camp de hockey du joueur de la LNH Timo Meier \u00e0 Herisau.","robots":{"index":"index","follow":"follow","max-snippet":"max-snippet:-1","max-image-preview":"max-image-preview:large","max-video-preview":"max-video-preview:-1"},"canonical":"https:\/\/flaga.ch\/fr\/camp-timo-meier\/","og_locale":"fr_FR","og_type":"article","og_title":"Timo Meier Camp - FLAGA Suisse GmbH","og_description":"Parrainage du premier camp de hockey du joueur de la LNH Timo Meier \u00e0 Herisau.","og_url":"https:\/\/flaga.ch\/fr\/camp-timo-meier\/","og_site_name":"FLAGA Suisse GmbH","article_publisher":"https:\/\/www.facebook.com\/flaga.suisse\/","article_published_time":"2020-09-17T13:59:44+00:00","article_modified_time":"2020-10-12T15:23:47+00:00","og_image":[{"width":2048,"height":1365,"url":"https:\/\/flaga.ch\/wp-content\/uploads\/2020.7.7.timomeier_rsp_camp-139-von-185.jpg","type":"image\/jpeg"}],"author":"Loris Matteo","twitter_card":"summary_large_image","twitter_misc":{"\u00c9crit par":"Loris Matteo","Dur\u00e9e de lecture estim\u00e9e":"2 minutes"},"schema":{"@context":"https:\/\/schema.org","@graph":[{"@type":"Article","@id":"https:\/\/flaga.ch\/fr\/camp-timo-meier\/#article","isPartOf":{"@id":"https:\/\/flaga.ch\/fr\/camp-timo-meier\/"},"author":{"name":"Loris Matteo","@id":"https:\/\/flaga.ch\/fr\/#\/schema\/person\/089d5f82624827f9f3fa7884fb790d3a"},"headline":"Timo Meier Camp","datePublished":"2020-09-17T13:59:44+00:00","dateModified":"2020-10-12T15:23:47+00:00","mainEntityOfPage":{"@id":"https:\/\/flaga.ch\/fr\/camp-timo-meier\/"},"wordCount":327,"publisher":{"@id":"https:\/\/flaga.ch\/fr\/#organization"},"image":{"@id":"https:\/\/flaga.ch\/fr\/camp-timo-meier\/#primaryimage"},"thumbnailUrl":"https:\/\/flaga.ch\/wp-content\/uploads\/2020.7.7.timomeier_rsp_camp-139-von-185.jpg","articleSection":["Sponsoring"],"inLanguage":"fr-FR"},{"@type":"WebPage","@id":"https:\/\/flaga.ch\/fr\/camp-timo-meier\/","url":"https:\/\/flaga.ch\/fr\/camp-timo-meier\/","name":"Timo Meier Camp - FLAGA Suisse GmbH","isPartOf":{"@id":"https:\/\/flaga.ch\/fr\/#website"},"primaryImageOfPage":{"@id":"https:\/\/flaga.ch\/fr\/camp-timo-meier\/#primaryimage"},"image":{"@id":"https:\/\/flaga.ch\/fr\/camp-timo-meier\/#primaryimage"},"thumbnailUrl":"https:\/\/flaga.ch\/wp-content\/uploads\/2020.7.7.timomeier_rsp_camp-139-von-185.jpg","datePublished":"2020-09-17T13:59:44+00:00","dateModified":"2020-10-12T15:23:47+00:00","description":"Parrainage du premier camp de hockey du joueur de la LNH Timo Meier \u00e0 Herisau.","breadcrumb":{"@id":"https:\/\/flaga.ch\/fr\/camp-timo-meier\/#breadcrumb"},"inLanguage":"fr-FR","potentialAction":[{"@type":"ReadAction","target":["https:\/\/flaga.ch\/fr\/camp-timo-meier\/"]}]},{"@type":"ImageObject","inLanguage":"fr-FR","@id":"https:\/\/flaga.ch\/fr\/camp-timo-meier\/#primaryimage","url":"https:\/\/flaga.ch\/wp-content\/uploads\/2020.7.7.timomeier_rsp_camp-139-von-185.jpg","contentUrl":"https:\/\/flaga.ch\/wp-content\/uploads\/2020.7.7.timomeier_rsp_camp-139-von-185.jpg","width":1200,"height":800},{"@type":"BreadcrumbList","@id":"https:\/\/flaga.ch\/fr\/camp-timo-meier\/#breadcrumb","itemListElement":[{"@type":"ListItem","position":1,"name":"Startseite","item":"https:\/\/flaga.ch\/fr\/flaga-home\/"},{"@type":"ListItem","position":2,"name":"Timo Meier Camp"}]},{"@type":"WebSite","@id":"https:\/\/flaga.ch\/fr\/#website","url":"https:\/\/flaga.ch\/fr\/","name":"FLAGA Suisse GmbH","description":"Votre partenaire pour les bouteilles et r\u00e9servoirs de gaz propane","publisher":{"@id":"https:\/\/flaga.ch\/fr\/#organization"},"potentialAction":[{"@type":"SearchAction","target":{"@type":"EntryPoint","urlTemplate":"https:\/\/flaga.ch\/fr\/?s={search_term_string}"},"query-input":{"@type":"PropertyValueSpecification","valueRequired":true,"valueName":"search_term_string"}}],"inLanguage":"fr-FR"},{"@type":"Organization","@id":"https:\/\/flaga.ch\/fr\/#organization","name":"FLAGA Suisse GmbH","url":"https:\/\/flaga.ch\/fr\/","logo":{"@type":"ImageObject","inLanguage":"fr-FR","@id":"https:\/\/flaga.ch\/fr\/#\/schema\/logo\/image\/","url":"https:\/\/flaga.ch\/wp-content\/uploads\/logo-flaga-square.jpg","contentUrl":"https:\/\/flaga.ch\/wp-content\/uploads\/logo-flaga-square.jpg","width":696,"height":696,"caption":"FLAGA Suisse GmbH"},"image":{"@id":"https:\/\/flaga.ch\/fr\/#\/schema\/logo\/image\/"},"sameAs":["https:\/\/www.facebook.com\/flaga.suisse\/","https:\/\/www.instagram.com\/flagasuisse\/"]},{"@type":"Person","@id":"https:\/\/flaga.ch\/fr\/#\/schema\/person\/089d5f82624827f9f3fa7884fb790d3a","name":"Loris Matteo","image":{"@type":"ImageObject","inLanguage":"fr-FR","@id":"https:\/\/secure.gravatar.com\/avatar\/9c287ba09d679034aef35d846782d06e54d2f8f89de1296e69d13641fb4233e2?s=96&d=mm&r=g","url":"https:\/\/secure.gravatar.com\/avatar\/9c287ba09d679034aef35d846782d06e54d2f8f89de1296e69d13641fb4233e2?s=96&d=mm&r=g","contentUrl":"https:\/\/secure.gravatar.com\/avatar\/9c287ba09d679034aef35d846782d06e54d2f8f89de1296e69d13641fb4233e2?s=96&d=mm&r=g","caption":"Loris Matteo"}}]}},"_links":{"self":[{"href":"https:\/\/flaga.ch\/fr\/wp-json\/wp\/v2\/posts\/6742","targetHints":{"allow":["GET"]}}],"collection":[{"href":"https:\/\/flaga.ch\/fr\/wp-json\/wp\/v2\/posts"}],"about":[{"href":"https:\/\/flaga.ch\/fr\/wp-json\/wp\/v2\/types\/post"}],"author":[{"embeddable":true,"href":"https:\/\/flaga.ch\/fr\/wp-json\/wp\/v2\/users\/4"}],"replies":[{"embeddable":true,"href":"https:\/\/flaga.ch\/fr\/wp-json\/wp\/v2\/comments?post=6742"}],"version-history":[{"count":0,"href":"https:\/\/flaga.ch\/fr\/wp-json\/wp\/v2\/posts\/6742\/revisions"}],"wp:featuredmedia":[{"embeddable":true,"href":"https:\/\/flaga.ch\/fr\/wp-json\/wp\/v2\/media\/6720"}],"wp:attachment":[{"href":"https:\/\/flaga.ch\/fr\/wp-json\/wp\/v2\/media?parent=6742"}],"wp:term":[{"taxonomy":"category","embeddable":true,"href":"https:\/\/flaga.ch\/fr\/wp-json\/wp\/v2\/categories?post=6742"},{"taxonomy":"post_tag","embeddable":true,"href":"https:\/\/flaga.ch\/fr\/wp-json\/wp\/v2\/tags?post=6742"}],"curies":[{"name":"wp","href":"https:\/\/api.w.org\/{rel}","templated":true}]}}