{"id":6767,"date":"2020-09-20T13:52:55","date_gmt":"2020-09-20T11:52:55","guid":{"rendered":"https:\/\/flaga.ch\/flaga-reprend-les-activites-de-gaz-liquide-de-socar\/"},"modified":"2020-10-12T17:20:13","modified_gmt":"2020-10-12T15:20:13","slug":"flaga-reprend-les-activites-de-gaz-liquide-de-socar","status":"publish","type":"post","link":"https:\/\/flaga.ch\/fr\/flaga-reprend-les-activites-de-gaz-liquide-de-socar\/","title":{"rendered":"FLAGA reprend les activit\u00e9s de gaz liquide de SOCAR"},"content":{"rendered":"<p>Nous sommes heureux d\u2019annoncer que FLAGA Suisse a conclu un accord avec SOCAR Energy Switzerland GmbH pour reprendre les activit\u00e9s de gaz liquide de SOCAR en Suisse. Le transfert officiel des activit\u00e9s commerciales est pr\u00e9vu pour le 1er octobre 2020. Nous sommes ravis d\u2019accueillir les clients et les employ\u00e9s de SOCAR chez FLAGA \u00e0 compter de cette date !  <\/p>\n<p>Votre \u00e9quipe FLAGA<\/p>\n<p><img decoding=\"async\" class=\"alignnone wp-image-7241 size-full\" src=\"https:\/\/flaga.ch\/wp-content\/uploads\/news-flaga-socar-2020.jpg\" alt=\"\" width=\"996\" height=\"664\" srcset=\"https:\/\/flaga.ch\/wp-content\/uploads\/news-flaga-socar-2020.jpg 996w, https:\/\/flaga.ch\/wp-content\/uploads\/news-flaga-socar-2020-600x400.jpg 600w\" sizes=\"(max-width: 996px) 100vw, 996px\" \/><\/p>\n<p>Pr\u00e9sents lors de la signature du contrat : SOCAR Management Ruedi H\u00e4sler (Head of Business Services), Jabar Salamzade (CFO) et Edgar Bachmann (CEO) avec Gerhard \u00d6lsinger (VP FLAGA Region Central) et Antonio Matteo (Managing Director FLAGA Schweiz).<\/p>\n","protected":false},"excerpt":{"rendered":"<p>Nous sommes heureux d\u2019annoncer que FLAGA Suisse a conclu un accord avec SOCAR Energy Switzerland GmbH pour reprendre les activit\u00e9s de gaz liquide de SOCAR&#8230;<\/p>\n","protected":false},"author":1,"featured_media":7241,"comment_status":"closed","ping_status":"closed","sticky":false,"template":"","format":"standard","meta":{"footnotes":""},"categories":[29],"tags":[],"class_list":{"0":"post-6767","1":"post","2":"type-post","3":"status-publish","4":"format-standard","5":"has-post-thumbnail","7":"category-societe"},"yoast_head":"<!-- This site is optimized with the Yoast SEO plugin v27.5 - https:\/\/yoast.com\/product\/yoast-seo-wordpress\/ -->\n<title>FLAGA reprend les activit\u00e9s de gaz liquide de SOCAR - FLAGA Suisse GmbH<\/title>\n<meta name=\"description\" content=\"FLAGA Suisse GmbH reprend le d\u00e9partement gaz propane de SOCAR Energy Switzerland GmbH au 1er octobre 2020.\" \/>\n<meta name=\"robots\" content=\"index, follow, max-snippet:-1, max-image-preview:large, max-video-preview:-1\" \/>\n<link rel=\"canonical\" href=\"https:\/\/flaga.ch\/fr\/flaga-reprend-les-activites-de-gaz-liquide-de-socar\/\" \/>\n<meta property=\"og:locale\" content=\"fr_FR\" \/>\n<meta property=\"og:type\" content=\"article\" \/>\n<meta property=\"og:title\" content=\"FLAGA reprend les activit\u00e9s de gaz liquide de SOCAR - FLAGA Suisse GmbH\" \/>\n<meta property=\"og:description\" content=\"FLAGA Suisse GmbH reprend le d\u00e9partement gaz propane de SOCAR Energy Switzerland GmbH au 1er octobre 2020.\" \/>\n<meta property=\"og:url\" content=\"https:\/\/flaga.ch\/fr\/flaga-reprend-les-activites-de-gaz-liquide-de-socar\/\" \/>\n<meta property=\"og:site_name\" content=\"FLAGA Suisse GmbH\" \/>\n<meta property=\"article:publisher\" content=\"https:\/\/www.facebook.com\/flaga.suisse\/\" \/>\n<meta property=\"article:published_time\" content=\"2020-09-20T11:52:55+00:00\" \/>\n<meta property=\"article:modified_time\" content=\"2020-10-12T15:20:13+00:00\" \/>\n<meta property=\"og:image\" content=\"https:\/\/flaga.ch\/wp-content\/uploads\/news-flaga-socar-2020.jpg\" \/>\n\t<meta property=\"og:image:width\" content=\"996\" \/>\n\t<meta property=\"og:image:height\" content=\"664\" \/>\n\t<meta property=\"og:image:type\" content=\"image\/jpeg\" \/>\n<meta name=\"author\" content=\"flaga\" \/>\n<meta name=\"twitter:card\" content=\"summary_large_image\" \/>\n<meta name=\"twitter:label1\" content=\"\u00c9crit par\" \/>\n\t<meta name=\"twitter:data1\" content=\"flaga\" \/>\n\t<meta name=\"twitter:label2\" content=\"Dur\u00e9e de lecture estim\u00e9e\" \/>\n\t<meta name=\"twitter:data2\" content=\"1 minute\" \/>\n<script type=\"application\/ld+json\" class=\"yoast-schema-graph\">{\"@context\":\"https:\\\/\\\/schema.org\",\"@graph\":[{\"@type\":\"Article\",\"@id\":\"https:\\\/\\\/flaga.ch\\\/fr\\\/flaga-reprend-les-activites-de-gaz-liquide-de-socar\\\/#article\",\"isPartOf\":{\"@id\":\"https:\\\/\\\/flaga.ch\\\/fr\\\/flaga-reprend-les-activites-de-gaz-liquide-de-socar\\\/\"},\"author\":{\"name\":\"flaga\",\"@id\":\"https:\\\/\\\/flaga.ch\\\/fr\\\/#\\\/schema\\\/person\\\/bd3d94d1353792021199b88e7ddef579\"},\"headline\":\"FLAGA reprend les activit\u00e9s de gaz liquide de SOCAR\",\"datePublished\":\"2020-09-20T11:52:55+00:00\",\"dateModified\":\"2020-10-12T15:20:13+00:00\",\"mainEntityOfPage\":{\"@id\":\"https:\\\/\\\/flaga.ch\\\/fr\\\/flaga-reprend-les-activites-de-gaz-liquide-de-socar\\\/\"},\"wordCount\":113,\"publisher\":{\"@id\":\"https:\\\/\\\/flaga.ch\\\/fr\\\/#organization\"},\"image\":{\"@id\":\"https:\\\/\\\/flaga.ch\\\/fr\\\/flaga-reprend-les-activites-de-gaz-liquide-de-socar\\\/#primaryimage\"},\"thumbnailUrl\":\"https:\\\/\\\/flaga.ch\\\/wp-content\\\/uploads\\\/news-flaga-socar-2020.jpg\",\"articleSection\":[\"Soci\u00e9t\u00e9\"],\"inLanguage\":\"fr-FR\"},{\"@type\":\"WebPage\",\"@id\":\"https:\\\/\\\/flaga.ch\\\/fr\\\/flaga-reprend-les-activites-de-gaz-liquide-de-socar\\\/\",\"url\":\"https:\\\/\\\/flaga.ch\\\/fr\\\/flaga-reprend-les-activites-de-gaz-liquide-de-socar\\\/\",\"name\":\"FLAGA reprend les activit\u00e9s de gaz liquide de SOCAR - FLAGA Suisse GmbH\",\"isPartOf\":{\"@id\":\"https:\\\/\\\/flaga.ch\\\/fr\\\/#website\"},\"primaryImageOfPage\":{\"@id\":\"https:\\\/\\\/flaga.ch\\\/fr\\\/flaga-reprend-les-activites-de-gaz-liquide-de-socar\\\/#primaryimage\"},\"image\":{\"@id\":\"https:\\\/\\\/flaga.ch\\\/fr\\\/flaga-reprend-les-activites-de-gaz-liquide-de-socar\\\/#primaryimage\"},\"thumbnailUrl\":\"https:\\\/\\\/flaga.ch\\\/wp-content\\\/uploads\\\/news-flaga-socar-2020.jpg\",\"datePublished\":\"2020-09-20T11:52:55+00:00\",\"dateModified\":\"2020-10-12T15:20:13+00:00\",\"description\":\"FLAGA Suisse GmbH reprend le d\u00e9partement gaz propane de SOCAR Energy Switzerland GmbH au 1er octobre 2020.\",\"breadcrumb\":{\"@id\":\"https:\\\/\\\/flaga.ch\\\/fr\\\/flaga-reprend-les-activites-de-gaz-liquide-de-socar\\\/#breadcrumb\"},\"inLanguage\":\"fr-FR\",\"potentialAction\":[{\"@type\":\"ReadAction\",\"target\":[\"https:\\\/\\\/flaga.ch\\\/fr\\\/flaga-reprend-les-activites-de-gaz-liquide-de-socar\\\/\"]}]},{\"@type\":\"ImageObject\",\"inLanguage\":\"fr-FR\",\"@id\":\"https:\\\/\\\/flaga.ch\\\/fr\\\/flaga-reprend-les-activites-de-gaz-liquide-de-socar\\\/#primaryimage\",\"url\":\"https:\\\/\\\/flaga.ch\\\/wp-content\\\/uploads\\\/news-flaga-socar-2020.jpg\",\"contentUrl\":\"https:\\\/\\\/flaga.ch\\\/wp-content\\\/uploads\\\/news-flaga-socar-2020.jpg\",\"width\":996,\"height\":664,\"caption\":\"Pr\u00e9sents lors de la signature du contrat : SOCAR Management Ruedi H\u00e4sler (Head of Business Services), Jabar Salamzade (CFO) et Edgar Bachmann (CEO) avec Gerhard \u00d6lsinger (VP FLAGA Region Central) et Antonio Matteo (Managing Director FLAGA Schweiz).\"},{\"@type\":\"BreadcrumbList\",\"@id\":\"https:\\\/\\\/flaga.ch\\\/fr\\\/flaga-reprend-les-activites-de-gaz-liquide-de-socar\\\/#breadcrumb\",\"itemListElement\":[{\"@type\":\"ListItem\",\"position\":1,\"name\":\"Startseite\",\"item\":\"https:\\\/\\\/flaga.ch\\\/fr\\\/flaga-home\\\/\"},{\"@type\":\"ListItem\",\"position\":2,\"name\":\"FLAGA reprend les activit\u00e9s de gaz liquide de SOCAR\"}]},{\"@type\":\"WebSite\",\"@id\":\"https:\\\/\\\/flaga.ch\\\/fr\\\/#website\",\"url\":\"https:\\\/\\\/flaga.ch\\\/fr\\\/\",\"name\":\"FLAGA Suisse GmbH\",\"description\":\"Votre partenaire pour les bouteilles et r\u00e9servoirs de gaz propane\",\"publisher\":{\"@id\":\"https:\\\/\\\/flaga.ch\\\/fr\\\/#organization\"},\"potentialAction\":[{\"@type\":\"SearchAction\",\"target\":{\"@type\":\"EntryPoint\",\"urlTemplate\":\"https:\\\/\\\/flaga.ch\\\/fr\\\/?s={search_term_string}\"},\"query-input\":{\"@type\":\"PropertyValueSpecification\",\"valueRequired\":true,\"valueName\":\"search_term_string\"}}],\"inLanguage\":\"fr-FR\"},{\"@type\":\"Organization\",\"@id\":\"https:\\\/\\\/flaga.ch\\\/fr\\\/#organization\",\"name\":\"FLAGA Suisse GmbH\",\"url\":\"https:\\\/\\\/flaga.ch\\\/fr\\\/\",\"logo\":{\"@type\":\"ImageObject\",\"inLanguage\":\"fr-FR\",\"@id\":\"https:\\\/\\\/flaga.ch\\\/fr\\\/#\\\/schema\\\/logo\\\/image\\\/\",\"url\":\"https:\\\/\\\/flaga.ch\\\/wp-content\\\/uploads\\\/logo-flaga-square.jpg\",\"contentUrl\":\"https:\\\/\\\/flaga.ch\\\/wp-content\\\/uploads\\\/logo-flaga-square.jpg\",\"width\":696,\"height\":696,\"caption\":\"FLAGA Suisse GmbH\"},\"image\":{\"@id\":\"https:\\\/\\\/flaga.ch\\\/fr\\\/#\\\/schema\\\/logo\\\/image\\\/\"},\"sameAs\":[\"https:\\\/\\\/www.facebook.com\\\/flaga.suisse\\\/\",\"https:\\\/\\\/www.instagram.com\\\/flagasuisse\\\/\"]},{\"@type\":\"Person\",\"@id\":\"https:\\\/\\\/flaga.ch\\\/fr\\\/#\\\/schema\\\/person\\\/bd3d94d1353792021199b88e7ddef579\",\"name\":\"flaga\",\"image\":{\"@type\":\"ImageObject\",\"inLanguage\":\"fr-FR\",\"@id\":\"https:\\\/\\\/secure.gravatar.com\\\/avatar\\\/bd32e2e209f2df91151c593675262209dd9a205c1723335bd8200941f340c089?s=96&d=mm&r=g\",\"url\":\"https:\\\/\\\/secure.gravatar.com\\\/avatar\\\/bd32e2e209f2df91151c593675262209dd9a205c1723335bd8200941f340c089?s=96&d=mm&r=g\",\"contentUrl\":\"https:\\\/\\\/secure.gravatar.com\\\/avatar\\\/bd32e2e209f2df91151c593675262209dd9a205c1723335bd8200941f340c089?s=96&d=mm&r=g\",\"caption\":\"flaga\"}}]}<\/script>\n<!-- \/ Yoast SEO plugin. -->","yoast_head_json":{"title":"FLAGA reprend les activit\u00e9s de gaz liquide de SOCAR - FLAGA Suisse GmbH","description":"FLAGA Suisse GmbH reprend le d\u00e9partement gaz propane de SOCAR Energy Switzerland GmbH au 1er octobre 2020.","robots":{"index":"index","follow":"follow","max-snippet":"max-snippet:-1","max-image-preview":"max-image-preview:large","max-video-preview":"max-video-preview:-1"},"canonical":"https:\/\/flaga.ch\/fr\/flaga-reprend-les-activites-de-gaz-liquide-de-socar\/","og_locale":"fr_FR","og_type":"article","og_title":"FLAGA reprend les activit\u00e9s de gaz liquide de SOCAR - FLAGA Suisse GmbH","og_description":"FLAGA Suisse GmbH reprend le d\u00e9partement gaz propane de SOCAR Energy Switzerland GmbH au 1er octobre 2020.","og_url":"https:\/\/flaga.ch\/fr\/flaga-reprend-les-activites-de-gaz-liquide-de-socar\/","og_site_name":"FLAGA Suisse GmbH","article_publisher":"https:\/\/www.facebook.com\/flaga.suisse\/","article_published_time":"2020-09-20T11:52:55+00:00","article_modified_time":"2020-10-12T15:20:13+00:00","og_image":[{"width":996,"height":664,"url":"https:\/\/flaga.ch\/wp-content\/uploads\/news-flaga-socar-2020.jpg","type":"image\/jpeg"}],"author":"flaga","twitter_card":"summary_large_image","twitter_misc":{"\u00c9crit par":"flaga","Dur\u00e9e de lecture estim\u00e9e":"1 minute"},"schema":{"@context":"https:\/\/schema.org","@graph":[{"@type":"Article","@id":"https:\/\/flaga.ch\/fr\/flaga-reprend-les-activites-de-gaz-liquide-de-socar\/#article","isPartOf":{"@id":"https:\/\/flaga.ch\/fr\/flaga-reprend-les-activites-de-gaz-liquide-de-socar\/"},"author":{"name":"flaga","@id":"https:\/\/flaga.ch\/fr\/#\/schema\/person\/bd3d94d1353792021199b88e7ddef579"},"headline":"FLAGA reprend les activit\u00e9s de gaz liquide de SOCAR","datePublished":"2020-09-20T11:52:55+00:00","dateModified":"2020-10-12T15:20:13+00:00","mainEntityOfPage":{"@id":"https:\/\/flaga.ch\/fr\/flaga-reprend-les-activites-de-gaz-liquide-de-socar\/"},"wordCount":113,"publisher":{"@id":"https:\/\/flaga.ch\/fr\/#organization"},"image":{"@id":"https:\/\/flaga.ch\/fr\/flaga-reprend-les-activites-de-gaz-liquide-de-socar\/#primaryimage"},"thumbnailUrl":"https:\/\/flaga.ch\/wp-content\/uploads\/news-flaga-socar-2020.jpg","articleSection":["Soci\u00e9t\u00e9"],"inLanguage":"fr-FR"},{"@type":"WebPage","@id":"https:\/\/flaga.ch\/fr\/flaga-reprend-les-activites-de-gaz-liquide-de-socar\/","url":"https:\/\/flaga.ch\/fr\/flaga-reprend-les-activites-de-gaz-liquide-de-socar\/","name":"FLAGA reprend les activit\u00e9s de gaz liquide de SOCAR - FLAGA Suisse GmbH","isPartOf":{"@id":"https:\/\/flaga.ch\/fr\/#website"},"primaryImageOfPage":{"@id":"https:\/\/flaga.ch\/fr\/flaga-reprend-les-activites-de-gaz-liquide-de-socar\/#primaryimage"},"image":{"@id":"https:\/\/flaga.ch\/fr\/flaga-reprend-les-activites-de-gaz-liquide-de-socar\/#primaryimage"},"thumbnailUrl":"https:\/\/flaga.ch\/wp-content\/uploads\/news-flaga-socar-2020.jpg","datePublished":"2020-09-20T11:52:55+00:00","dateModified":"2020-10-12T15:20:13+00:00","description":"FLAGA Suisse GmbH reprend le d\u00e9partement gaz propane de SOCAR Energy Switzerland GmbH au 1er octobre 2020.","breadcrumb":{"@id":"https:\/\/flaga.ch\/fr\/flaga-reprend-les-activites-de-gaz-liquide-de-socar\/#breadcrumb"},"inLanguage":"fr-FR","potentialAction":[{"@type":"ReadAction","target":["https:\/\/flaga.ch\/fr\/flaga-reprend-les-activites-de-gaz-liquide-de-socar\/"]}]},{"@type":"ImageObject","inLanguage":"fr-FR","@id":"https:\/\/flaga.ch\/fr\/flaga-reprend-les-activites-de-gaz-liquide-de-socar\/#primaryimage","url":"https:\/\/flaga.ch\/wp-content\/uploads\/news-flaga-socar-2020.jpg","contentUrl":"https:\/\/flaga.ch\/wp-content\/uploads\/news-flaga-socar-2020.jpg","width":996,"height":664,"caption":"Pr\u00e9sents lors de la signature du contrat : SOCAR Management Ruedi H\u00e4sler (Head of Business Services), Jabar Salamzade (CFO) et Edgar Bachmann (CEO) avec Gerhard \u00d6lsinger (VP FLAGA Region Central) et Antonio Matteo (Managing Director FLAGA Schweiz)."},{"@type":"BreadcrumbList","@id":"https:\/\/flaga.ch\/fr\/flaga-reprend-les-activites-de-gaz-liquide-de-socar\/#breadcrumb","itemListElement":[{"@type":"ListItem","position":1,"name":"Startseite","item":"https:\/\/flaga.ch\/fr\/flaga-home\/"},{"@type":"ListItem","position":2,"name":"FLAGA reprend les activit\u00e9s de gaz liquide de SOCAR"}]},{"@type":"WebSite","@id":"https:\/\/flaga.ch\/fr\/#website","url":"https:\/\/flaga.ch\/fr\/","name":"FLAGA Suisse GmbH","description":"Votre partenaire pour les bouteilles et r\u00e9servoirs de gaz propane","publisher":{"@id":"https:\/\/flaga.ch\/fr\/#organization"},"potentialAction":[{"@type":"SearchAction","target":{"@type":"EntryPoint","urlTemplate":"https:\/\/flaga.ch\/fr\/?s={search_term_string}"},"query-input":{"@type":"PropertyValueSpecification","valueRequired":true,"valueName":"search_term_string"}}],"inLanguage":"fr-FR"},{"@type":"Organization","@id":"https:\/\/flaga.ch\/fr\/#organization","name":"FLAGA Suisse GmbH","url":"https:\/\/flaga.ch\/fr\/","logo":{"@type":"ImageObject","inLanguage":"fr-FR","@id":"https:\/\/flaga.ch\/fr\/#\/schema\/logo\/image\/","url":"https:\/\/flaga.ch\/wp-content\/uploads\/logo-flaga-square.jpg","contentUrl":"https:\/\/flaga.ch\/wp-content\/uploads\/logo-flaga-square.jpg","width":696,"height":696,"caption":"FLAGA Suisse GmbH"},"image":{"@id":"https:\/\/flaga.ch\/fr\/#\/schema\/logo\/image\/"},"sameAs":["https:\/\/www.facebook.com\/flaga.suisse\/","https:\/\/www.instagram.com\/flagasuisse\/"]},{"@type":"Person","@id":"https:\/\/flaga.ch\/fr\/#\/schema\/person\/bd3d94d1353792021199b88e7ddef579","name":"flaga","image":{"@type":"ImageObject","inLanguage":"fr-FR","@id":"https:\/\/secure.gravatar.com\/avatar\/bd32e2e209f2df91151c593675262209dd9a205c1723335bd8200941f340c089?s=96&d=mm&r=g","url":"https:\/\/secure.gravatar.com\/avatar\/bd32e2e209f2df91151c593675262209dd9a205c1723335bd8200941f340c089?s=96&d=mm&r=g","contentUrl":"https:\/\/secure.gravatar.com\/avatar\/bd32e2e209f2df91151c593675262209dd9a205c1723335bd8200941f340c089?s=96&d=mm&r=g","caption":"flaga"}}]}},"_links":{"self":[{"href":"https:\/\/flaga.ch\/fr\/wp-json\/wp\/v2\/posts\/6767","targetHints":{"allow":["GET"]}}],"collection":[{"href":"https:\/\/flaga.ch\/fr\/wp-json\/wp\/v2\/posts"}],"about":[{"href":"https:\/\/flaga.ch\/fr\/wp-json\/wp\/v2\/types\/post"}],"author":[{"embeddable":true,"href":"https:\/\/flaga.ch\/fr\/wp-json\/wp\/v2\/users\/1"}],"replies":[{"embeddable":true,"href":"https:\/\/flaga.ch\/fr\/wp-json\/wp\/v2\/comments?post=6767"}],"version-history":[{"count":0,"href":"https:\/\/flaga.ch\/fr\/wp-json\/wp\/v2\/posts\/6767\/revisions"}],"wp:featuredmedia":[{"embeddable":true,"href":"https:\/\/flaga.ch\/fr\/wp-json\/wp\/v2\/media\/7241"}],"wp:attachment":[{"href":"https:\/\/flaga.ch\/fr\/wp-json\/wp\/v2\/media?parent=6767"}],"wp:term":[{"taxonomy":"category","embeddable":true,"href":"https:\/\/flaga.ch\/fr\/wp-json\/wp\/v2\/categories?post=6767"},{"taxonomy":"post_tag","embeddable":true,"href":"https:\/\/flaga.ch\/fr\/wp-json\/wp\/v2\/tags?post=6767"}],"curies":[{"name":"wp","href":"https:\/\/api.w.org\/{rel}","templated":true}]}}