{"id":8222,"date":"2022-03-18T06:33:09","date_gmt":"2022-03-18T05:33:09","guid":{"rendered":"https:\/\/flaga.ch\/distribution-en-gaz-propane-flaga-en-suisse\/"},"modified":"2025-02-20T14:00:49","modified_gmt":"2025-02-20T13:00:49","slug":"distribution-en-gaz-propane-flaga-en-suisse","status":"publish","type":"post","link":"https:\/\/flaga.ch\/fr\/distribution-en-gaz-propane-flaga-en-suisse\/","title":{"rendered":"Distribution en gaz propane FLAGA en Suisse"},"content":{"rendered":"<p>Le gaz liqu\u00e9fi\u00e9 est une \u00e9nergie ind\u00e9pendante des conduites ! La distribution de gaz liqu\u00e9fi\u00e9 est assur\u00e9e par des raffineries locales (Cressier NE) ainsi qu&rsquo;\u00e0 partir du sud de l&rsquo;Allemagne ou par wagons-citernes avec des trains en provenance des terminaux de la M\u00e9diterran\u00e9e ou de la mer du Nord. Les raffineries sont flexibles quant \u00e0 la mani\u00e8re dont elles couvrent leur approvisionnement en p\u00e9trole brut. Les grands terminaux portuaires re\u00e7oivent \u00e9galement leur gaz liquide du monde entier. De plus, en tant que membre du groupe UGI (l&rsquo;un des <strong>plus grands distributeurs de gaz liqu\u00e9fi\u00e9<\/strong> au monde), nous &#8211; FLAGA Suisse &#8211; avons de multiples possibilit\u00e9s d&rsquo;approvisionnement.<\/p>\n<p><strong><a href=\"https:\/\/flaga.ch\/fr\/distribution\/\">D\u00e9couvrez notre r\u00e9seau de distribution<\/a><\/strong><\/p>\n","protected":false},"excerpt":{"rendered":"<p>Le gaz liqu\u00e9fi\u00e9 est une \u00e9nergie ind\u00e9pendante des conduites ! La distribution de gaz liqu\u00e9fi\u00e9 est assur\u00e9e par des raffineries locales (Cressier NE) ainsi qu&rsquo;\u00e0&#8230;<\/p>\n","protected":false},"author":1,"featured_media":0,"comment_status":"closed","ping_status":"closed","sticky":false,"template":"","format":"standard","meta":{"footnotes":""},"categories":[29],"tags":[],"class_list":{"0":"post-8222","1":"post","2":"type-post","3":"status-publish","4":"format-standard","6":"category-societe"},"yoast_head":"<!-- This site is optimized with the Yoast SEO plugin v27.5 - https:\/\/yoast.com\/product\/yoast-seo-wordpress\/ -->\n<title>Distribution en gaz propane FLAGA en Suisse - FLAGA Suisse GmbH<\/title>\n<meta name=\"robots\" content=\"index, follow, max-snippet:-1, max-image-preview:large, max-video-preview:-1\" \/>\n<link rel=\"canonical\" href=\"https:\/\/flaga.ch\/fr\/distribution-en-gaz-propane-flaga-en-suisse\/\" \/>\n<meta property=\"og:locale\" content=\"fr_FR\" \/>\n<meta property=\"og:type\" content=\"article\" \/>\n<meta property=\"og:title\" content=\"Distribution en gaz propane FLAGA en Suisse - FLAGA Suisse GmbH\" \/>\n<meta property=\"og:description\" content=\"Le gaz liqu\u00e9fi\u00e9 est une \u00e9nergie ind\u00e9pendante des conduites ! La distribution de gaz liqu\u00e9fi\u00e9 est assur\u00e9e par des raffineries locales (Cressier NE) ainsi qu&rsquo;\u00e0...\" \/>\n<meta property=\"og:url\" content=\"https:\/\/flaga.ch\/fr\/distribution-en-gaz-propane-flaga-en-suisse\/\" \/>\n<meta property=\"og:site_name\" content=\"FLAGA Suisse GmbH\" \/>\n<meta property=\"article:publisher\" content=\"https:\/\/www.facebook.com\/flaga.suisse\/\" \/>\n<meta property=\"article:published_time\" content=\"2022-03-18T05:33:09+00:00\" \/>\n<meta property=\"article:modified_time\" content=\"2025-02-20T13:00:49+00:00\" \/>\n<meta property=\"og:image\" content=\"https:\/\/flaga.ch\/wp-content\/uploads\/flaga-default-picture.jpg\" \/>\n\t<meta property=\"og:image:width\" content=\"1200\" \/>\n\t<meta property=\"og:image:height\" content=\"675\" \/>\n\t<meta property=\"og:image:type\" content=\"image\/jpeg\" \/>\n<meta name=\"author\" content=\"flaga\" \/>\n<meta name=\"twitter:card\" content=\"summary_large_image\" \/>\n<meta name=\"twitter:label1\" content=\"\u00c9crit par\" \/>\n\t<meta name=\"twitter:data1\" content=\"flaga\" \/>\n\t<meta name=\"twitter:label2\" content=\"Dur\u00e9e de lecture estim\u00e9e\" \/>\n\t<meta name=\"twitter:data2\" content=\"1 minute\" \/>\n<script type=\"application\/ld+json\" class=\"yoast-schema-graph\">{\"@context\":\"https:\\\/\\\/schema.org\",\"@graph\":[{\"@type\":\"Article\",\"@id\":\"https:\\\/\\\/flaga.ch\\\/fr\\\/distribution-en-gaz-propane-flaga-en-suisse\\\/#article\",\"isPartOf\":{\"@id\":\"https:\\\/\\\/flaga.ch\\\/fr\\\/distribution-en-gaz-propane-flaga-en-suisse\\\/\"},\"author\":{\"name\":\"flaga\",\"@id\":\"https:\\\/\\\/flaga.ch\\\/fr\\\/#\\\/schema\\\/person\\\/bd3d94d1353792021199b88e7ddef579\"},\"headline\":\"Distribution en gaz propane FLAGA en Suisse\",\"datePublished\":\"2022-03-18T05:33:09+00:00\",\"dateModified\":\"2025-02-20T13:00:49+00:00\",\"mainEntityOfPage\":{\"@id\":\"https:\\\/\\\/flaga.ch\\\/fr\\\/distribution-en-gaz-propane-flaga-en-suisse\\\/\"},\"wordCount\":132,\"publisher\":{\"@id\":\"https:\\\/\\\/flaga.ch\\\/fr\\\/#organization\"},\"articleSection\":[\"Soci\u00e9t\u00e9\"],\"inLanguage\":\"fr-FR\"},{\"@type\":\"WebPage\",\"@id\":\"https:\\\/\\\/flaga.ch\\\/fr\\\/distribution-en-gaz-propane-flaga-en-suisse\\\/\",\"url\":\"https:\\\/\\\/flaga.ch\\\/fr\\\/distribution-en-gaz-propane-flaga-en-suisse\\\/\",\"name\":\"Distribution en gaz propane FLAGA en Suisse - FLAGA Suisse GmbH\",\"isPartOf\":{\"@id\":\"https:\\\/\\\/flaga.ch\\\/fr\\\/#website\"},\"datePublished\":\"2022-03-18T05:33:09+00:00\",\"dateModified\":\"2025-02-20T13:00:49+00:00\",\"breadcrumb\":{\"@id\":\"https:\\\/\\\/flaga.ch\\\/fr\\\/distribution-en-gaz-propane-flaga-en-suisse\\\/#breadcrumb\"},\"inLanguage\":\"fr-FR\",\"potentialAction\":[{\"@type\":\"ReadAction\",\"target\":[\"https:\\\/\\\/flaga.ch\\\/fr\\\/distribution-en-gaz-propane-flaga-en-suisse\\\/\"]}]},{\"@type\":\"BreadcrumbList\",\"@id\":\"https:\\\/\\\/flaga.ch\\\/fr\\\/distribution-en-gaz-propane-flaga-en-suisse\\\/#breadcrumb\",\"itemListElement\":[{\"@type\":\"ListItem\",\"position\":1,\"name\":\"Startseite\",\"item\":\"https:\\\/\\\/flaga.ch\\\/fr\\\/flaga-home\\\/\"},{\"@type\":\"ListItem\",\"position\":2,\"name\":\"Distribution en gaz propane FLAGA en Suisse\"}]},{\"@type\":\"WebSite\",\"@id\":\"https:\\\/\\\/flaga.ch\\\/fr\\\/#website\",\"url\":\"https:\\\/\\\/flaga.ch\\\/fr\\\/\",\"name\":\"FLAGA Suisse GmbH\",\"description\":\"Votre partenaire pour les bouteilles et r\u00e9servoirs de gaz propane\",\"publisher\":{\"@id\":\"https:\\\/\\\/flaga.ch\\\/fr\\\/#organization\"},\"potentialAction\":[{\"@type\":\"SearchAction\",\"target\":{\"@type\":\"EntryPoint\",\"urlTemplate\":\"https:\\\/\\\/flaga.ch\\\/fr\\\/?s={search_term_string}\"},\"query-input\":{\"@type\":\"PropertyValueSpecification\",\"valueRequired\":true,\"valueName\":\"search_term_string\"}}],\"inLanguage\":\"fr-FR\"},{\"@type\":\"Organization\",\"@id\":\"https:\\\/\\\/flaga.ch\\\/fr\\\/#organization\",\"name\":\"FLAGA Suisse GmbH\",\"url\":\"https:\\\/\\\/flaga.ch\\\/fr\\\/\",\"logo\":{\"@type\":\"ImageObject\",\"inLanguage\":\"fr-FR\",\"@id\":\"https:\\\/\\\/flaga.ch\\\/fr\\\/#\\\/schema\\\/logo\\\/image\\\/\",\"url\":\"https:\\\/\\\/flaga.ch\\\/wp-content\\\/uploads\\\/logo-flaga-square.jpg\",\"contentUrl\":\"https:\\\/\\\/flaga.ch\\\/wp-content\\\/uploads\\\/logo-flaga-square.jpg\",\"width\":696,\"height\":696,\"caption\":\"FLAGA Suisse GmbH\"},\"image\":{\"@id\":\"https:\\\/\\\/flaga.ch\\\/fr\\\/#\\\/schema\\\/logo\\\/image\\\/\"},\"sameAs\":[\"https:\\\/\\\/www.facebook.com\\\/flaga.suisse\\\/\",\"https:\\\/\\\/www.instagram.com\\\/flagasuisse\\\/\"]},{\"@type\":\"Person\",\"@id\":\"https:\\\/\\\/flaga.ch\\\/fr\\\/#\\\/schema\\\/person\\\/bd3d94d1353792021199b88e7ddef579\",\"name\":\"flaga\",\"image\":{\"@type\":\"ImageObject\",\"inLanguage\":\"fr-FR\",\"@id\":\"https:\\\/\\\/secure.gravatar.com\\\/avatar\\\/bd32e2e209f2df91151c593675262209dd9a205c1723335bd8200941f340c089?s=96&d=mm&r=g\",\"url\":\"https:\\\/\\\/secure.gravatar.com\\\/avatar\\\/bd32e2e209f2df91151c593675262209dd9a205c1723335bd8200941f340c089?s=96&d=mm&r=g\",\"contentUrl\":\"https:\\\/\\\/secure.gravatar.com\\\/avatar\\\/bd32e2e209f2df91151c593675262209dd9a205c1723335bd8200941f340c089?s=96&d=mm&r=g\",\"caption\":\"flaga\"}}]}<\/script>\n<!-- \/ Yoast SEO plugin. -->","yoast_head_json":{"title":"Distribution en gaz propane FLAGA en Suisse - FLAGA Suisse GmbH","robots":{"index":"index","follow":"follow","max-snippet":"max-snippet:-1","max-image-preview":"max-image-preview:large","max-video-preview":"max-video-preview:-1"},"canonical":"https:\/\/flaga.ch\/fr\/distribution-en-gaz-propane-flaga-en-suisse\/","og_locale":"fr_FR","og_type":"article","og_title":"Distribution en gaz propane FLAGA en Suisse - FLAGA Suisse GmbH","og_description":"Le gaz liqu\u00e9fi\u00e9 est une \u00e9nergie ind\u00e9pendante des conduites ! La distribution de gaz liqu\u00e9fi\u00e9 est assur\u00e9e par des raffineries locales (Cressier NE) ainsi qu&rsquo;\u00e0...","og_url":"https:\/\/flaga.ch\/fr\/distribution-en-gaz-propane-flaga-en-suisse\/","og_site_name":"FLAGA Suisse GmbH","article_publisher":"https:\/\/www.facebook.com\/flaga.suisse\/","article_published_time":"2022-03-18T05:33:09+00:00","article_modified_time":"2025-02-20T13:00:49+00:00","og_image":[{"width":1200,"height":675,"url":"https:\/\/flaga.ch\/wp-content\/uploads\/flaga-default-picture.jpg","type":"image\/jpeg"}],"author":"flaga","twitter_card":"summary_large_image","twitter_misc":{"\u00c9crit par":"flaga","Dur\u00e9e de lecture estim\u00e9e":"1 minute"},"schema":{"@context":"https:\/\/schema.org","@graph":[{"@type":"Article","@id":"https:\/\/flaga.ch\/fr\/distribution-en-gaz-propane-flaga-en-suisse\/#article","isPartOf":{"@id":"https:\/\/flaga.ch\/fr\/distribution-en-gaz-propane-flaga-en-suisse\/"},"author":{"name":"flaga","@id":"https:\/\/flaga.ch\/fr\/#\/schema\/person\/bd3d94d1353792021199b88e7ddef579"},"headline":"Distribution en gaz propane FLAGA en Suisse","datePublished":"2022-03-18T05:33:09+00:00","dateModified":"2025-02-20T13:00:49+00:00","mainEntityOfPage":{"@id":"https:\/\/flaga.ch\/fr\/distribution-en-gaz-propane-flaga-en-suisse\/"},"wordCount":132,"publisher":{"@id":"https:\/\/flaga.ch\/fr\/#organization"},"articleSection":["Soci\u00e9t\u00e9"],"inLanguage":"fr-FR"},{"@type":"WebPage","@id":"https:\/\/flaga.ch\/fr\/distribution-en-gaz-propane-flaga-en-suisse\/","url":"https:\/\/flaga.ch\/fr\/distribution-en-gaz-propane-flaga-en-suisse\/","name":"Distribution en gaz propane FLAGA en Suisse - FLAGA Suisse GmbH","isPartOf":{"@id":"https:\/\/flaga.ch\/fr\/#website"},"datePublished":"2022-03-18T05:33:09+00:00","dateModified":"2025-02-20T13:00:49+00:00","breadcrumb":{"@id":"https:\/\/flaga.ch\/fr\/distribution-en-gaz-propane-flaga-en-suisse\/#breadcrumb"},"inLanguage":"fr-FR","potentialAction":[{"@type":"ReadAction","target":["https:\/\/flaga.ch\/fr\/distribution-en-gaz-propane-flaga-en-suisse\/"]}]},{"@type":"BreadcrumbList","@id":"https:\/\/flaga.ch\/fr\/distribution-en-gaz-propane-flaga-en-suisse\/#breadcrumb","itemListElement":[{"@type":"ListItem","position":1,"name":"Startseite","item":"https:\/\/flaga.ch\/fr\/flaga-home\/"},{"@type":"ListItem","position":2,"name":"Distribution en gaz propane FLAGA en Suisse"}]},{"@type":"WebSite","@id":"https:\/\/flaga.ch\/fr\/#website","url":"https:\/\/flaga.ch\/fr\/","name":"FLAGA Suisse GmbH","description":"Votre partenaire pour les bouteilles et r\u00e9servoirs de gaz propane","publisher":{"@id":"https:\/\/flaga.ch\/fr\/#organization"},"potentialAction":[{"@type":"SearchAction","target":{"@type":"EntryPoint","urlTemplate":"https:\/\/flaga.ch\/fr\/?s={search_term_string}"},"query-input":{"@type":"PropertyValueSpecification","valueRequired":true,"valueName":"search_term_string"}}],"inLanguage":"fr-FR"},{"@type":"Organization","@id":"https:\/\/flaga.ch\/fr\/#organization","name":"FLAGA Suisse GmbH","url":"https:\/\/flaga.ch\/fr\/","logo":{"@type":"ImageObject","inLanguage":"fr-FR","@id":"https:\/\/flaga.ch\/fr\/#\/schema\/logo\/image\/","url":"https:\/\/flaga.ch\/wp-content\/uploads\/logo-flaga-square.jpg","contentUrl":"https:\/\/flaga.ch\/wp-content\/uploads\/logo-flaga-square.jpg","width":696,"height":696,"caption":"FLAGA Suisse GmbH"},"image":{"@id":"https:\/\/flaga.ch\/fr\/#\/schema\/logo\/image\/"},"sameAs":["https:\/\/www.facebook.com\/flaga.suisse\/","https:\/\/www.instagram.com\/flagasuisse\/"]},{"@type":"Person","@id":"https:\/\/flaga.ch\/fr\/#\/schema\/person\/bd3d94d1353792021199b88e7ddef579","name":"flaga","image":{"@type":"ImageObject","inLanguage":"fr-FR","@id":"https:\/\/secure.gravatar.com\/avatar\/bd32e2e209f2df91151c593675262209dd9a205c1723335bd8200941f340c089?s=96&d=mm&r=g","url":"https:\/\/secure.gravatar.com\/avatar\/bd32e2e209f2df91151c593675262209dd9a205c1723335bd8200941f340c089?s=96&d=mm&r=g","contentUrl":"https:\/\/secure.gravatar.com\/avatar\/bd32e2e209f2df91151c593675262209dd9a205c1723335bd8200941f340c089?s=96&d=mm&r=g","caption":"flaga"}}]}},"_links":{"self":[{"href":"https:\/\/flaga.ch\/fr\/wp-json\/wp\/v2\/posts\/8222","targetHints":{"allow":["GET"]}}],"collection":[{"href":"https:\/\/flaga.ch\/fr\/wp-json\/wp\/v2\/posts"}],"about":[{"href":"https:\/\/flaga.ch\/fr\/wp-json\/wp\/v2\/types\/post"}],"author":[{"embeddable":true,"href":"https:\/\/flaga.ch\/fr\/wp-json\/wp\/v2\/users\/1"}],"replies":[{"embeddable":true,"href":"https:\/\/flaga.ch\/fr\/wp-json\/wp\/v2\/comments?post=8222"}],"version-history":[{"count":0,"href":"https:\/\/flaga.ch\/fr\/wp-json\/wp\/v2\/posts\/8222\/revisions"}],"wp:attachment":[{"href":"https:\/\/flaga.ch\/fr\/wp-json\/wp\/v2\/media?parent=8222"}],"wp:term":[{"taxonomy":"category","embeddable":true,"href":"https:\/\/flaga.ch\/fr\/wp-json\/wp\/v2\/categories?post=8222"},{"taxonomy":"post_tag","embeddable":true,"href":"https:\/\/flaga.ch\/fr\/wp-json\/wp\/v2\/tags?post=8222"}],"curies":[{"name":"wp","href":"https:\/\/api.w.org\/{rel}","templated":true}]}}